			{"id":348,"date":"2023-08-24T14:20:36","date_gmt":"2023-08-24T18:20:36","guid":{"rendered":"https:\/\/ca.beyondtype2.org\/fr\/?p=348"},"modified":"2023-09-06T15:29:03","modified_gmt":"2023-09-06T19:29:03","slug":"personnes-dt2-souhait-dt1-comprennent","status":"publish","type":"post","link":"https:\/\/ca.beyondtype2.org\/fr\/personnes-dt2-souhait-dt1-comprennent\/","title":{"rendered":"J\u2019aimerais que les personnes atteintes de diab\u00e8te de type\u00a01 comprennent CECI \u00e0 propos du diab\u00e8te de type\u00a02"},"content":{"rendered":"<p><span style=\"font-weight: 400\">Il est important de d\u00e9fendre les int\u00e9r\u00eats des personnes qui sont atteintes de tous les types de diab\u00e8te. Cependant, les personnes atteintes de diab\u00e8te de type\u00a02 (DT2) se sentent souvent incomprises,<\/span><a href=\"https:\/\/beyondtype2.org\/diabetes-mental-health-stigmas\/\"> <span style=\"font-weight: 400\">stigmatis\u00e9es<\/span><\/a><span style=\"font-weight: 400\"> et rejet\u00e9es par les autres groupes de diab\u00e9tiques. Pourquoi? Il s\u2019agit d\u2019une maladie chronique souvent associ\u00e9e \u00e0 une mauvaise alimentation et \u00e0 un manque d\u2019activit\u00e9 physique, dont le diagnostic suscite chez les personnes qui en sont atteintes un sentiment de honte et de culpabilit\u00e9, m\u00eame si le diab\u00e8te de type\u00a02 est<\/span><a href=\"https:\/\/beyondtype2.org\/what-is-type-2-diabetes\/\"> <span style=\"font-weight: 400\">attribuable \u00e0 plusieurs facteurs<\/span><\/a><span style=\"font-weight: 400\">. Malheureusement, il est fr\u00e9quent que ces pr\u00e9jug\u00e9s \u00e9manent d\u2019autres personnes atteintes de diab\u00e8te, comme celles qui pr\u00e9sentent un diab\u00e8te de type\u00a01, par exemple.<\/span><\/p>\n<p><b>Nous avons donc demand\u00e9 aux membres de notre<\/b><a href=\"https:\/\/community.beyondtype2.org\/\"> <b>r\u00e9seau<\/b><\/a><b>\u00a0: Qu\u2019aimeriez-vous que les personnes atteintes de diab\u00e8te de type\u00a01 (DT1) comprennent \u00e0 propos du DT2?<\/b><\/p>\n<p><span style=\"font-weight: 400\">Les r\u00e9ponses de nos membres donnent une id\u00e9e de ce que vivent les personnes atteintes de diab\u00e8te de type\u00a02. En les lisant, demandez-vous ce que vous pouvez faire pour rendre la communaut\u00e9 des personnes diab\u00e9tiques plus s\u00fbre et plus inclusive pour les personnes aux prises avec le DT2.<\/span><\/p>\n<h3><b>Quelle est la chose que vous souhaiteriez que les personnes atteintes de DT1 comprennent \u00e0 propos du DT2?<\/b><\/h3>\n<ul>\n<li style=\"font-weight: 400\"><span style=\"font-weight: 400\">\u00ab\u00a0\u00catre atteint de diab\u00e8te de type\u00a02 n\u2019est pas toujours &#8220;plus facile&#8221; ou &#8220;r\u00e9versible&#8221;. Son impact peut \u00eatre tout aussi important.\u00a0\u00bb<\/span><\/li>\n<li style=\"font-weight: 400\"><span style=\"font-weight: 400\">\u00ab\u00a0Elles ne sont pas les seules \u00e0 traverser des \u00e9preuves et \u00e0 prendre des d\u00e9cisions au quotidien, nous en faisons autant.\u00a0\u00bb<\/span><\/li>\n<li style=\"font-weight: 400\"><span style=\"font-weight: 400\">\u00ab\u00a0Ce qui est difficile est difficile, et nous ne comprenons pas encore tout \u00e0 fait les causes du diab\u00e8te, alors laissez tomber les reproches et la honte.\u00a0\u00bb<\/span><\/li>\n<li style=\"font-weight: 400\"><span style=\"font-weight: 400\">\u00ab\u00a0La honte. Je suis souvent envieux quand je vois \u00e0 quel point les personnes atteintes de DT1 peuvent en parler ouvertement sans en avoir honte.\u00a0\u00bb<\/span><\/li>\n<li style=\"font-weight: 400\"><span style=\"font-weight: 400\">\u00ab\u00a0Ce n\u2019est pas de notre faute.\u00a0\u00bb<\/span><\/li>\n<li style=\"font-weight: 400\"><span style=\"font-weight: 400\">\u00ab\u00a0La maladie frappe beaucoup d\u2019entre nous \u00e0 un \u00e2ge avanc\u00e9 et donc nous n\u2019avons pas les comp\u00e9tences n\u00e9cessaires pour y faire face.\u00a0\u00bb<\/span><\/li>\n<li style=\"font-weight: 400\"><span style=\"font-weight: 400\">\u00ab\u00a0Nous avons besoin du m\u00eame niveau de soins qu\u2019eux. Nous avons autant besoin de financement en mati\u00e8re de soins de sant\u00e9.\u00a0\u00bb<\/span><\/li>\n<li style=\"font-weight: 400\"><span style=\"font-weight: 400\">\u00ab\u00a0L\u2019ob\u00e9sit\u00e9 n\u2019est pas la cause de notre diagnostic.\u00a0\u00bb<\/span><\/li>\n<li style=\"font-weight: 400\"><span style=\"font-weight: 400\">\u00ab\u00a0Que nous ne sommes pas responsables de la stigmatisation qu\u2019elles subissent, que nous passons des moments tout aussi difficiles qu\u2019elles.\u00a0\u00bb<\/span><\/li>\n<li style=\"font-weight: 400\"><span style=\"font-weight: 400\">\u00ab\u00a0Se pr\u00e9senter comme une personne atteinte de DT1, c\u2019est comme dire\u00a0: &#8220;Je n\u2019ai pas \u00e0 avoir honte de mon type de diab\u00e8te&#8221;.\u00a0\u00bb<\/span><\/li>\n<li style=\"font-weight: 400\"><span style=\"font-weight: 400\">\u00ab\u00a0Le diab\u00e8te est une \u00e9preuve quotidienne, quel que soit le type dont on est atteint.\u00a0\u00bb<\/span><\/li>\n<li style=\"font-weight: 400\"><span style=\"font-weight: 400\">\u00ab\u00a0Ces maladies ont le m\u00eame nom, mais elles sont diff\u00e9rentes.\u00a0\u00bb<\/span><\/li>\n<li style=\"font-weight: 400\"><span style=\"font-weight: 400\">\u00ab\u00a0Le DT2 peut \u00eatre tout aussi dangereux!\u00a0\u00bb<\/span><\/li>\n<li style=\"font-weight: 400\"><span style=\"font-weight: 400\">\u00ab\u00a0Qu\u2019on ne choisit pas d\u2019avoir le DT2 et qu\u2019il faut arr\u00eater de se faire traiter honteusement parce qu\u2019on est malade.\u00a0\u00bb<\/span><\/li>\n<li style=\"font-weight: 400\"><span style=\"font-weight: 400\">\u00ab\u00a0On ne s\u2019est pas fait \u00e7a \u00e0 nous-m\u00eames.\u00a0\u00bb<\/span><\/li>\n<li style=\"font-weight: 400\"><span style=\"font-weight: 400\">\u00ab\u00a0Qu\u2019elles arr\u00eatent de nous exclure comme si nous ne comptions pas.\u00a0\u00bb<\/span><\/li>\n<li style=\"font-weight: 400\"><span style=\"font-weight: 400\">\u00ab\u00a0Nous, les personnes atteintes de diab\u00e8te de type\u00a02, ne sommes pas des ennemis.\u00a0\u00bb<\/span><\/li>\n<li style=\"font-weight: 400\"><span style=\"font-weight: 400\">\u00ab\u00a0Je leur dirais que m\u00eame si le danger de mort imminente n\u2019est pas \u00e9quivalent si nous nous trompons de m\u00e9dicaments, nous faisons face aux m\u00eames risques accrus de complications dues \u00e0 une glyc\u00e9mie dangereusement \u00e9lev\u00e9e, et \u00e7a peut \u00eatre pire parce que nous restons plus longtemps sans traitement. J\u2019ajouterais que les pr\u00e9jug\u00e9s li\u00e9s au diab\u00e8te de type\u00a02 sont pires \u00e0 cause de la grossophobie.\u00a0\u00bb<\/span><\/li>\n<li style=\"font-weight: 400\"><span style=\"font-weight: 400\">\u00ab\u00a0Je n\u2019ai pas le diab\u00e8te de type\u00a02 parce que je mange trop.\u00a0\u00bb<\/span><\/li>\n<li style=\"font-weight: 400\"><span style=\"font-weight: 400\">\u00ab\u00a0Le diab\u00e8te de type\u00a02 n\u2019est pas plus de notre faute que le diab\u00e8te de type\u00a01 n\u2019est de la leur.\u00a0\u00bb<\/span><\/li>\n<li style=\"font-weight: 400\"><span style=\"font-weight: 400\">\u00ab\u00a0Le diab\u00e8te de type\u00a02 n\u2019est pas consid\u00e9r\u00e9 comme un diab\u00e8te &#8220;l\u00e9ger&#8221;. Le diab\u00e8te de type\u00a02 peut \u00eatre tout aussi grave s\u2019il n\u2019est pas pris en charge. On ne peut toujours ma\u00eetriser le diab\u00e8te de type\u00a02 par l\u2019alimentation et l\u2019activit\u00e9 physique. De nombreuses personnes atteintes de diab\u00e8te de type\u00a02 doivent \u00e9galement prendre de l\u2019insuline pour le prendre en charge.\u00a0\u00bb<\/span><\/li>\n<\/ul>\n<h3><b>Vous ne vous r\u00e9duisez pas \u00e0 un diagnostic.<\/b><\/h3>\n<p><span style=\"font-weight: 400\">Vous cherchez un soutien suppl\u00e9mentaire? Nous avons cr\u00e9\u00e9 la plateforme Beyond Type 2 parce que les personnes atteintes de diab\u00e8te de type 2 ont besoin de plus que de quelques brochures et d\u2019un \u00ab On se revoit dans trois mois \u00bb. Cette communaut\u00e9 est d\u00e9sormais soutenue par nos amis de <a href=\"https:\/\/www.diabetes.ca\/\">Diabetes Canada<\/a> et de l\u2019American Diabetes Association. Faites entendre votre voix et nouez des liens avec les autres. Joignez-vous \u00e0 nous d\u00e8s aujourd\u2019hui en cliquant<\/span><a href=\"https:\/\/community.beyondtype2.org\/\"> <span style=\"font-weight: 400\">ici<\/span><\/a><span style=\"font-weight: 400\">.<\/span><\/p>\n<p><i><span style=\"font-weight: 400\">Vous voulez nous faire part de votre histoire? \u00c9crivez-nous \u00e0 l\u2019adresse suivante\u00a0: hello@beyondtype1.org.<\/span><\/i><\/p>\n","protected":false},"excerpt":{"rendered":"<p>Il est important de d\u00e9fendre les int\u00e9r\u00eats des personnes qui sont atteintes de tous les types de diab\u00e8te. Cependant, les personnes atteintes de diab\u00e8te de type\u00a02 (DT2) se sentent souvent incomprises, stigmatis\u00e9es et rejet\u00e9es par les autres groupes de diab\u00e9tiques. Pourquoi? Il s\u2019agit d\u2019une maladie chronique souvent associ\u00e9e \u00e0 une mauvaise alimentation et \u00e0 un [&hellip;]<\/p>\n","protected":false},"author":10,"featured_media":817,"comment_status":"open","ping_status":"open","sticky":false,"template":"","format":"standard","meta":{"_acf_changed":false,"footnotes":""},"categories":[69,31,1],"tags":[],"invisible":[77,79,78],"class_list":["post-348","post","type-post","status-publish","format-standard","has-post-thumbnail","hentry","category-communaute-du-diabete","category-faits-sur-le-diabete-de-type-2","category-articles-pour-les-nouvellement-diagnostiques-avec-le-diabete","invisible-personal-story","invisible-stories","invisible-story"],"acf":[],"yoast_head":"<!-- This site is optimized with the Yoast SEO plugin v24.9 - https:\/\/yoast.com\/wordpress\/plugins\/seo\/ -->\n<title>J\u2019aimerais que les personnes atteintes de diab\u00e8te de type\u00a01 comprennent CECI \u00e0 propos du diab\u00e8te de type\u00a02 - Beyond Type 2 Canada<\/title>\n<meta name=\"description\" content=\"Luttons contre la stigmatisation li\u00e9e au diab\u00e8te de type\u00a02 et d\u00e9fendons les int\u00e9r\u00eats de toutes les personnes atteintes de cette maladie chronique.\u00a0\" \/>\n<meta name=\"robots\" content=\"index, follow, max-snippet:-1, max-image-preview:large, max-video-preview:-1\" \/>\n<link rel=\"canonical\" href=\"https:\/\/ca.beyondtype2.org\/fr\/personnes-dt2-souhait-dt1-comprennent\/\" \/>\n<meta property=\"og:locale\" content=\"en_US\" \/>\n<meta property=\"og:type\" content=\"article\" \/>\n<meta property=\"og:title\" content=\"J\u2019aimerais que les personnes atteintes de diab\u00e8te de type\u00a01 comprennent CECI \u00e0 propos du diab\u00e8te de type\u00a02 - Beyond Type 2 Canada\" \/>\n<meta property=\"og:description\" content=\"Luttons contre la stigmatisation li\u00e9e au diab\u00e8te de type\u00a02 et d\u00e9fendons les int\u00e9r\u00eats de toutes les personnes atteintes de cette maladie chronique.\u00a0\" \/>\n<meta property=\"og:url\" content=\"https:\/\/ca.beyondtype2.org\/fr\/personnes-dt2-souhait-dt1-comprennent\/\" \/>\n<meta property=\"og:site_name\" content=\"Beyond Type 2 Canada\" \/>\n<meta property=\"article:published_time\" content=\"2023-08-24T18:20:36+00:00\" \/>\n<meta property=\"article:modified_time\" content=\"2023-09-06T19:29:03+00:00\" \/>\n<meta property=\"og:image\" content=\"https:\/\/ca.beyondtype2.org\/fr\/wp-content\/uploads\/sites\/2\/2023\/08\/BT1-ONE-THING-I-WISH-T1DS-UNDERSTOOD-HEADER.jpeg\" \/>\n\t<meta property=\"og:image:width\" content=\"1199\" \/>\n\t<meta property=\"og:image:height\" content=\"429\" \/>\n\t<meta property=\"og:image:type\" content=\"image\/jpeg\" \/>\n<meta name=\"author\" content=\"karime\" \/>\n<meta name=\"twitter:card\" content=\"summary_large_image\" \/>\n<meta name=\"twitter:label1\" content=\"Written by\" \/>\n\t<meta name=\"twitter:data1\" content=\"karime\" \/>\n\t<meta name=\"twitter:label2\" content=\"Est. reading time\" \/>\n\t<meta name=\"twitter:data2\" content=\"4 minutes\" \/>\n<script type=\"application\/ld+json\" class=\"yoast-schema-graph\">{\"@context\":\"https:\/\/schema.org\",\"@graph\":[{\"@type\":\"Article\",\"@id\":\"https:\/\/ca.beyondtype2.org\/fr\/personnes-dt2-souhait-dt1-comprennent\/#article\",\"isPartOf\":{\"@id\":\"https:\/\/ca.beyondtype2.org\/fr\/personnes-dt2-souhait-dt1-comprennent\/\"},\"author\":{\"name\":\"karime\",\"@id\":\"https:\/\/ca.beyondtype2.org\/fr\/#\/schema\/person\/d91e9ec1795266e38d9960b69579490c\"},\"headline\":\"J\u2019aimerais que les personnes atteintes de diab\u00e8te de type\u00a01 comprennent CECI \u00e0 propos du diab\u00e8te de type\u00a02\",\"datePublished\":\"2023-08-24T18:20:36+00:00\",\"dateModified\":\"2023-09-06T19:29:03+00:00\",\"mainEntityOfPage\":{\"@id\":\"https:\/\/ca.beyondtype2.org\/fr\/personnes-dt2-souhait-dt1-comprennent\/\"},\"wordCount\":830,\"commentCount\":0,\"publisher\":{\"@id\":\"https:\/\/ca.beyondtype2.org\/fr\/#organization\"},\"image\":{\"@id\":\"https:\/\/ca.beyondtype2.org\/fr\/personnes-dt2-souhait-dt1-comprennent\/#primaryimage\"},\"thumbnailUrl\":\"https:\/\/ca.beyondtype2.org\/fr\/wp-content\/uploads\/sites\/2\/2023\/08\/BT1-ONE-THING-I-WISH-T1DS-UNDERSTOOD-HEADER.jpeg\",\"articleSection\":[\"Communaut\u00e9\",\"Faits rapides sur le DT2\",\"Nouvellement diagnostiqu\u00e9\"],\"inLanguage\":\"en-US\",\"potentialAction\":[{\"@type\":\"CommentAction\",\"name\":\"Comment\",\"target\":[\"https:\/\/ca.beyondtype2.org\/fr\/personnes-dt2-souhait-dt1-comprennent\/#respond\"]}]},{\"@type\":\"WebPage\",\"@id\":\"https:\/\/ca.beyondtype2.org\/fr\/personnes-dt2-souhait-dt1-comprennent\/\",\"url\":\"https:\/\/ca.beyondtype2.org\/fr\/personnes-dt2-souhait-dt1-comprennent\/\",\"name\":\"J\u2019aimerais que les personnes atteintes de diab\u00e8te de type\u00a01 comprennent CECI \u00e0 propos du diab\u00e8te de type\u00a02 - Beyond Type 2 Canada\",\"isPartOf\":{\"@id\":\"https:\/\/ca.beyondtype2.org\/fr\/#website\"},\"primaryImageOfPage\":{\"@id\":\"https:\/\/ca.beyondtype2.org\/fr\/personnes-dt2-souhait-dt1-comprennent\/#primaryimage\"},\"image\":{\"@id\":\"https:\/\/ca.beyondtype2.org\/fr\/personnes-dt2-souhait-dt1-comprennent\/#primaryimage\"},\"thumbnailUrl\":\"https:\/\/ca.beyondtype2.org\/fr\/wp-content\/uploads\/sites\/2\/2023\/08\/BT1-ONE-THING-I-WISH-T1DS-UNDERSTOOD-HEADER.jpeg\",\"datePublished\":\"2023-08-24T18:20:36+00:00\",\"dateModified\":\"2023-09-06T19:29:03+00:00\",\"description\":\"Luttons contre la stigmatisation li\u00e9e au diab\u00e8te de type\u00a02 et d\u00e9fendons les int\u00e9r\u00eats de toutes les personnes atteintes de cette maladie chronique.\u00a0\",\"breadcrumb\":{\"@id\":\"https:\/\/ca.beyondtype2.org\/fr\/personnes-dt2-souhait-dt1-comprennent\/#breadcrumb\"},\"inLanguage\":\"en-US\",\"potentialAction\":[{\"@type\":\"ReadAction\",\"target\":[\"https:\/\/ca.beyondtype2.org\/fr\/personnes-dt2-souhait-dt1-comprennent\/\"]}]},{\"@type\":\"ImageObject\",\"inLanguage\":\"en-US\",\"@id\":\"https:\/\/ca.beyondtype2.org\/fr\/personnes-dt2-souhait-dt1-comprennent\/#primaryimage\",\"url\":\"https:\/\/ca.beyondtype2.org\/fr\/wp-content\/uploads\/sites\/2\/2023\/08\/BT1-ONE-THING-I-WISH-T1DS-UNDERSTOOD-HEADER.jpeg\",\"contentUrl\":\"https:\/\/ca.beyondtype2.org\/fr\/wp-content\/uploads\/sites\/2\/2023\/08\/BT1-ONE-THING-I-WISH-T1DS-UNDERSTOOD-HEADER.jpeg\",\"width\":1199,\"height\":429},{\"@type\":\"BreadcrumbList\",\"@id\":\"https:\/\/ca.beyondtype2.org\/fr\/personnes-dt2-souhait-dt1-comprennent\/#breadcrumb\",\"itemListElement\":[{\"@type\":\"ListItem\",\"position\":1,\"name\":\"Home\",\"item\":\"https:\/\/ca.beyondtype2.org\/fr\/\"},{\"@type\":\"ListItem\",\"position\":2,\"name\":\"J\u2019aimerais que les personnes atteintes de diab\u00e8te de type\u00a01 comprennent CECI \u00e0 propos du diab\u00e8te de type\u00a02\"}]},{\"@type\":\"WebSite\",\"@id\":\"https:\/\/ca.beyondtype2.org\/fr\/#website\",\"url\":\"https:\/\/ca.beyondtype2.org\/fr\/\",\"name\":\"Beyond Type 2 Canada\",\"description\":\"\",\"publisher\":{\"@id\":\"https:\/\/ca.beyondtype2.org\/fr\/#organization\"},\"potentialAction\":[{\"@type\":\"SearchAction\",\"target\":{\"@type\":\"EntryPoint\",\"urlTemplate\":\"https:\/\/ca.beyondtype2.org\/fr\/?s={search_term_string}\"},\"query-input\":{\"@type\":\"PropertyValueSpecification\",\"valueRequired\":true,\"valueName\":\"search_term_string\"}}],\"inLanguage\":\"en-US\"},{\"@type\":\"Organization\",\"@id\":\"https:\/\/ca.beyondtype2.org\/fr\/#organization\",\"name\":\"Beyond Type 2 Canada\",\"url\":\"https:\/\/ca.beyondtype2.org\/fr\/\",\"logo\":{\"@type\":\"ImageObject\",\"inLanguage\":\"en-US\",\"@id\":\"https:\/\/ca.beyondtype2.org\/fr\/#\/schema\/logo\/image\/\",\"url\":\"https:\/\/ca.beyondtype2.org\/fr\/wp-content\/uploads\/sites\/2\/2023\/08\/bt2-logo-v2.png\",\"contentUrl\":\"https:\/\/ca.beyondtype2.org\/fr\/wp-content\/uploads\/sites\/2\/2023\/08\/bt2-logo-v2.png\",\"width\":380,\"height\":83,\"caption\":\"Beyond Type 2 Canada\"},\"image\":{\"@id\":\"https:\/\/ca.beyondtype2.org\/fr\/#\/schema\/logo\/image\/\"}},{\"@type\":\"Person\",\"@id\":\"https:\/\/ca.beyondtype2.org\/fr\/#\/schema\/person\/d91e9ec1795266e38d9960b69579490c\",\"name\":\"karime\",\"url\":\"https:\/\/ca.beyondtype2.org\/fr\/author\/karime\/\"}]}<\/script>\n<!-- \/ Yoast SEO plugin. -->","yoast_head_json":{"title":"J\u2019aimerais que les personnes atteintes de diab\u00e8te de type\u00a01 comprennent CECI \u00e0 propos du diab\u00e8te de type\u00a02 - Beyond Type 2 Canada","description":"Luttons contre la stigmatisation li\u00e9e au diab\u00e8te de type\u00a02 et d\u00e9fendons les int\u00e9r\u00eats de toutes les personnes atteintes de cette maladie chronique.\u00a0","robots":{"index":"index","follow":"follow","max-snippet":"max-snippet:-1","max-image-preview":"max-image-preview:large","max-video-preview":"max-video-preview:-1"},"canonical":"https:\/\/ca.beyondtype2.org\/fr\/personnes-dt2-souhait-dt1-comprennent\/","og_locale":"en_US","og_type":"article","og_title":"J\u2019aimerais que les personnes atteintes de diab\u00e8te de type\u00a01 comprennent CECI \u00e0 propos du diab\u00e8te de type\u00a02 - Beyond Type 2 Canada","og_description":"Luttons contre la stigmatisation li\u00e9e au diab\u00e8te de type\u00a02 et d\u00e9fendons les int\u00e9r\u00eats de toutes les personnes atteintes de cette maladie chronique.\u00a0","og_url":"https:\/\/ca.beyondtype2.org\/fr\/personnes-dt2-souhait-dt1-comprennent\/","og_site_name":"Beyond Type 2 Canada","article_published_time":"2023-08-24T18:20:36+00:00","article_modified_time":"2023-09-06T19:29:03+00:00","og_image":[{"width":1199,"height":429,"url":"https:\/\/ca.beyondtype2.org\/fr\/wp-content\/uploads\/sites\/2\/2023\/08\/BT1-ONE-THING-I-WISH-T1DS-UNDERSTOOD-HEADER.jpeg","type":"image\/jpeg"}],"author":"karime","twitter_card":"summary_large_image","twitter_misc":{"Written by":"karime","Est. reading time":"4 minutes"},"schema":{"@context":"https:\/\/schema.org","@graph":[{"@type":"Article","@id":"https:\/\/ca.beyondtype2.org\/fr\/personnes-dt2-souhait-dt1-comprennent\/#article","isPartOf":{"@id":"https:\/\/ca.beyondtype2.org\/fr\/personnes-dt2-souhait-dt1-comprennent\/"},"author":{"name":"karime","@id":"https:\/\/ca.beyondtype2.org\/fr\/#\/schema\/person\/d91e9ec1795266e38d9960b69579490c"},"headline":"J\u2019aimerais que les personnes atteintes de diab\u00e8te de type\u00a01 comprennent CECI \u00e0 propos du diab\u00e8te de type\u00a02","datePublished":"2023-08-24T18:20:36+00:00","dateModified":"2023-09-06T19:29:03+00:00","mainEntityOfPage":{"@id":"https:\/\/ca.beyondtype2.org\/fr\/personnes-dt2-souhait-dt1-comprennent\/"},"wordCount":830,"commentCount":0,"publisher":{"@id":"https:\/\/ca.beyondtype2.org\/fr\/#organization"},"image":{"@id":"https:\/\/ca.beyondtype2.org\/fr\/personnes-dt2-souhait-dt1-comprennent\/#primaryimage"},"thumbnailUrl":"https:\/\/ca.beyondtype2.org\/fr\/wp-content\/uploads\/sites\/2\/2023\/08\/BT1-ONE-THING-I-WISH-T1DS-UNDERSTOOD-HEADER.jpeg","articleSection":["Communaut\u00e9","Faits rapides sur le DT2","Nouvellement diagnostiqu\u00e9"],"inLanguage":"en-US","potentialAction":[{"@type":"CommentAction","name":"Comment","target":["https:\/\/ca.beyondtype2.org\/fr\/personnes-dt2-souhait-dt1-comprennent\/#respond"]}]},{"@type":"WebPage","@id":"https:\/\/ca.beyondtype2.org\/fr\/personnes-dt2-souhait-dt1-comprennent\/","url":"https:\/\/ca.beyondtype2.org\/fr\/personnes-dt2-souhait-dt1-comprennent\/","name":"J\u2019aimerais que les personnes atteintes de diab\u00e8te de type\u00a01 comprennent CECI \u00e0 propos du diab\u00e8te de type\u00a02 - Beyond Type 2 Canada","isPartOf":{"@id":"https:\/\/ca.beyondtype2.org\/fr\/#website"},"primaryImageOfPage":{"@id":"https:\/\/ca.beyondtype2.org\/fr\/personnes-dt2-souhait-dt1-comprennent\/#primaryimage"},"image":{"@id":"https:\/\/ca.beyondtype2.org\/fr\/personnes-dt2-souhait-dt1-comprennent\/#primaryimage"},"thumbnailUrl":"https:\/\/ca.beyondtype2.org\/fr\/wp-content\/uploads\/sites\/2\/2023\/08\/BT1-ONE-THING-I-WISH-T1DS-UNDERSTOOD-HEADER.jpeg","datePublished":"2023-08-24T18:20:36+00:00","dateModified":"2023-09-06T19:29:03+00:00","description":"Luttons contre la stigmatisation li\u00e9e au diab\u00e8te de type\u00a02 et d\u00e9fendons les int\u00e9r\u00eats de toutes les personnes atteintes de cette maladie chronique.\u00a0","breadcrumb":{"@id":"https:\/\/ca.beyondtype2.org\/fr\/personnes-dt2-souhait-dt1-comprennent\/#breadcrumb"},"inLanguage":"en-US","potentialAction":[{"@type":"ReadAction","target":["https:\/\/ca.beyondtype2.org\/fr\/personnes-dt2-souhait-dt1-comprennent\/"]}]},{"@type":"ImageObject","inLanguage":"en-US","@id":"https:\/\/ca.beyondtype2.org\/fr\/personnes-dt2-souhait-dt1-comprennent\/#primaryimage","url":"https:\/\/ca.beyondtype2.org\/fr\/wp-content\/uploads\/sites\/2\/2023\/08\/BT1-ONE-THING-I-WISH-T1DS-UNDERSTOOD-HEADER.jpeg","contentUrl":"https:\/\/ca.beyondtype2.org\/fr\/wp-content\/uploads\/sites\/2\/2023\/08\/BT1-ONE-THING-I-WISH-T1DS-UNDERSTOOD-HEADER.jpeg","width":1199,"height":429},{"@type":"BreadcrumbList","@id":"https:\/\/ca.beyondtype2.org\/fr\/personnes-dt2-souhait-dt1-comprennent\/#breadcrumb","itemListElement":[{"@type":"ListItem","position":1,"name":"Home","item":"https:\/\/ca.beyondtype2.org\/fr\/"},{"@type":"ListItem","position":2,"name":"J\u2019aimerais que les personnes atteintes de diab\u00e8te de type\u00a01 comprennent CECI \u00e0 propos du diab\u00e8te de type\u00a02"}]},{"@type":"WebSite","@id":"https:\/\/ca.beyondtype2.org\/fr\/#website","url":"https:\/\/ca.beyondtype2.org\/fr\/","name":"Beyond Type 2 Canada","description":"","publisher":{"@id":"https:\/\/ca.beyondtype2.org\/fr\/#organization"},"potentialAction":[{"@type":"SearchAction","target":{"@type":"EntryPoint","urlTemplate":"https:\/\/ca.beyondtype2.org\/fr\/?s={search_term_string}"},"query-input":{"@type":"PropertyValueSpecification","valueRequired":true,"valueName":"search_term_string"}}],"inLanguage":"en-US"},{"@type":"Organization","@id":"https:\/\/ca.beyondtype2.org\/fr\/#organization","name":"Beyond Type 2 Canada","url":"https:\/\/ca.beyondtype2.org\/fr\/","logo":{"@type":"ImageObject","inLanguage":"en-US","@id":"https:\/\/ca.beyondtype2.org\/fr\/#\/schema\/logo\/image\/","url":"https:\/\/ca.beyondtype2.org\/fr\/wp-content\/uploads\/sites\/2\/2023\/08\/bt2-logo-v2.png","contentUrl":"https:\/\/ca.beyondtype2.org\/fr\/wp-content\/uploads\/sites\/2\/2023\/08\/bt2-logo-v2.png","width":380,"height":83,"caption":"Beyond Type 2 Canada"},"image":{"@id":"https:\/\/ca.beyondtype2.org\/fr\/#\/schema\/logo\/image\/"}},{"@type":"Person","@id":"https:\/\/ca.beyondtype2.org\/fr\/#\/schema\/person\/d91e9ec1795266e38d9960b69579490c","name":"karime","url":"https:\/\/ca.beyondtype2.org\/fr\/author\/karime\/"}]}},"featured_image_src":"https:\/\/ca.beyondtype2.org\/fr\/wp-content\/uploads\/sites\/2\/2023\/08\/BT1-ONE-THING-I-WISH-T1DS-UNDERSTOOD-HEADER-600x400.jpeg","featured_image_src_square":"https:\/\/ca.beyondtype2.org\/fr\/wp-content\/uploads\/sites\/2\/2023\/08\/BT1-ONE-THING-I-WISH-T1DS-UNDERSTOOD-HEADER-600x429.jpeg","author_info":{"display_name":"karime","author_link":"https:\/\/ca.beyondtype2.org\/fr\/author\/karime\/"},"jetpack_featured_media_url":"https:\/\/ca.beyondtype2.org\/fr\/wp-content\/uploads\/sites\/2\/2023\/08\/BT1-ONE-THING-I-WISH-T1DS-UNDERSTOOD-HEADER.jpeg","_links":{"self":[{"href":"https:\/\/ca.beyondtype2.org\/fr\/wp-json\/wp\/v2\/posts\/348","targetHints":{"allow":["GET"]}}],"collection":[{"href":"https:\/\/ca.beyondtype2.org\/fr\/wp-json\/wp\/v2\/posts"}],"about":[{"href":"https:\/\/ca.beyondtype2.org\/fr\/wp-json\/wp\/v2\/types\/post"}],"author":[{"embeddable":true,"href":"https:\/\/ca.beyondtype2.org\/fr\/wp-json\/wp\/v2\/users\/10"}],"replies":[{"embeddable":true,"href":"https:\/\/ca.beyondtype2.org\/fr\/wp-json\/wp\/v2\/comments?post=348"}],"version-history":[{"count":0,"href":"https:\/\/ca.beyondtype2.org\/fr\/wp-json\/wp\/v2\/posts\/348\/revisions"}],"wp:featuredmedia":[{"embeddable":true,"href":"https:\/\/ca.beyondtype2.org\/fr\/wp-json\/wp\/v2\/media\/817"}],"wp:attachment":[{"href":"https:\/\/ca.beyondtype2.org\/fr\/wp-json\/wp\/v2\/media?parent=348"}],"wp:term":[{"taxonomy":"category","embeddable":true,"href":"https:\/\/ca.beyondtype2.org\/fr\/wp-json\/wp\/v2\/categories?post=348"},{"taxonomy":"post_tag","embeddable":true,"href":"https:\/\/ca.beyondtype2.org\/fr\/wp-json\/wp\/v2\/tags?post=348"},{"taxonomy":"invisible","embeddable":true,"href":"https:\/\/ca.beyondtype2.org\/fr\/wp-json\/wp\/v2\/invisible?post=348"}],"curies":[{"name":"wp","href":"https:\/\/api.w.org\/{rel}","templated":true}]}}