			{"id":174,"date":"2023-08-23T13:05:50","date_gmt":"2023-08-23T17:05:50","guid":{"rendered":"https:\/\/ca.beyondtype2.org\/fr\/?p=174"},"modified":"2023-09-06T13:59:45","modified_gmt":"2023-09-06T17:59:45","slug":"conversation-complications-du-diabete","status":"publish","type":"post","link":"https:\/\/ca.beyondtype2.org\/fr\/conversation-complications-du-diabete\/","title":{"rendered":"Il est temps de revoir la conversation sur les complications du diab\u00e8te"},"content":{"rendered":"<p><span style=\"font-weight: 400\">Que votre diab\u00e8te de type 2 (DT2) ait \u00e9t\u00e9 diagnostiqu\u00e9 r\u00e9cemment ou il y a longtemps, vous vous inqui\u00e9tez peut-\u00eatre des complications li\u00e9es au diab\u00e8te. Elles sont fr\u00e9quentes : en effet, la moiti\u00e9 des personnes atteintes de diab\u00e8te conna\u00eetront une complication li\u00e9e au diab\u00e8te.<\/span><\/p>\n<p><span style=\"font-weight: 400\">Malgr\u00e9 cela, les complications du diab\u00e8te font l&#8217;objet d&#8217;une grande stigmatisation, qui nuit \u00e0 toutes les personnes vivant avec le DT2 ou affect\u00e9es par celui-ci. Il est temps de revoir la conversation sur la vie avec les complications du diab\u00e8te. Nous vous expliquons donc ce que vous devez savoir pour pouvoir d\u00e9fendre votre \u00e9tat de sant\u00e9.<\/span><\/p>\n<h3><b>QUELLES SONT LES COMPLICATIONS DU DIAB\u00c8TE ?<\/b><\/h3>\n<p><span style=\"font-weight: 400\">Le diab\u00e8te touche toutes les parties du corps humain, et les personnes qui vivent avec cette maladie peuvent conna\u00eetre des complications \u00e0 long terme. Celles-ci comprennent :<\/span><\/p>\n<ul>\n<li style=\"font-weight: 400\"><span style=\"font-weight: 400\">L\u00e9sion des vaisseaux sanguins <\/span><a href=\"https:\/\/beyondtype2.org\/diabetes-eye-health\/\"><span style=\"font-weight: 400\">affectant les yeux<\/span><\/a><span style=\"font-weight: 400\"> (r\u00e9tinopathie), pouvant entra\u00eener la c\u00e9cit\u00e9.<\/span><\/li>\n<li style=\"font-weight: 400\"><span style=\"font-weight: 400\">Amputation des membres inf\u00e9rieurs, le plus souvent des orteils et des pieds.<\/span><\/li>\n<li style=\"font-weight: 400\"><span style=\"font-weight: 400\">Maladie r\u00e9nale<\/span><\/li>\n<li style=\"font-weight: 400\"><span style=\"font-weight: 400\">Maladies cardiaques<\/span><\/li>\n<li style=\"font-weight: 400\"><span style=\"font-weight: 400\">Accident vasculaire c\u00e9r\u00e9bral<\/span><\/li>\n<li style=\"font-weight: 400\"><span style=\"font-weight: 400\">L\u00e9sion nerveuse (neuropathie)<\/span><\/li>\n<li style=\"font-weight: 400\"><span style=\"font-weight: 400\">D\u00e9pression et anxi\u00e9t\u00e9<\/span><\/li>\n<li style=\"font-weight: 400\"><span style=\"font-weight: 400\">Chutes de gencives et autres probl\u00e8mes de sant\u00e9 bucco-dentaire<\/span><\/li>\n<\/ul>\n<p><span style=\"font-weight: 400\">Il existe \u00e9galement des complications \u00e0 court terme du diab\u00e8te. Le coma diab\u00e9tique, d\u00fb \u00e0 un taux de glyc\u00e9mie tr\u00e8s bas, et l&#8217;acidoc\u00e9tose diab\u00e9tique (ACD), due \u00e0 un taux de glyc\u00e9mie \u00e9lev\u00e9, peuvent tous deux survenir soudainement et n\u00e9cessiter une attention m\u00e9dicale urgente.<\/span><\/p>\n<h3><b>COMMENT LE DIAB\u00c8TE PROVOQUE-T-IL DES COMPLICATIONS ?<\/b><\/h3>\n<p><span style=\"font-weight: 400\">Le diab\u00e8te touche presque toutes les parties de votre corps. Lorsque le taux de glyc\u00e9mie est constamment \u00e9lev\u00e9 sur de longues p\u00e9riodes, il peut endommager les nerfs, les vaisseaux sanguins et les organes.<\/span><\/p>\n<p><span style=\"font-weight: 400\">Plus la dur\u00e9e du diab\u00e8te est longue, plus le risque de complications est \u00e9lev\u00e9.<\/span><\/p>\n<p><span style=\"font-weight: 400\">Les complications ne sont pas in\u00e9vitables. Elles ne sont pas non plus toujours \u00e9vitables. N&#8217;oubliez pas que le diab\u00e8te affecte le corps de chaque personne de mani\u00e8re unique et que de nombreux facteurs influencent la gestion quotidienne du diab\u00e8te. Si vous \u00eates confront\u00e9 \u00e0 des complications, ce n\u2019est pas de votre faute.<\/span><\/p>\n<h3><b>LA STIGMATISATION ET LA HONTE AFFECTENT N\u00c9GATIVEMENT LA SANT\u00c9 ET LES SOINS M\u00c9DICAUX<\/b><\/h3>\n<p><a href=\"https:\/\/www.ncbi.nlm.nih.gov\/pmc\/articles\/PMC5241772\/#:~:text=.%20Stigma%20is%20defined,blame%20(18)\"><span style=\"font-weight: 400\">Des \u00e9tudes montrent<\/span><\/a><span style=\"font-weight: 400\"> que la stigmatisation et la honte entourant les complications du diab\u00e8te ont un impact n\u00e9gatif sur la sant\u00e9 des personnes et sur les soins m\u00e9dicaux qu&#8217;elles re\u00e7oivent.<\/span><\/p>\n<p><span style=\"font-weight: 400\">Les patients d\u00e9clarent que la stigmatisation de leur maladie leur donne un sentiment de g\u00eane, de peur, de culpabilit\u00e9 et d&#8217;anxi\u00e9t\u00e9. Les patients stigmatis\u00e9s font \u00e9galement \u00e9tat d&#8217;une plus faible estime de soi.<\/span><\/p>\n<p><span style=\"font-weight: 400\">La stigmatisation du diab\u00e8te est de plus en plus consid\u00e9r\u00e9e comme un <\/span><a href=\"https:\/\/diabetesjournals.org\/diabetes\/article\/69\/Supplement_1\/782-P\/59059\/782-P-Diabetes-Stigma-and-Associations-with\"><span style=\"font-weight: 400\">d\u00e9terminant social de la sant\u00e9<\/span><\/a><span style=\"font-weight: 400\">, ce qui signifie que la stigmatisation est un facteur non m\u00e9dical qui a un impact mesurable sur les r\u00e9sultats de sant\u00e9. Les personnes atteintes de diab\u00e8te qui sont stigmatis\u00e9es sont moins susceptibles de respecter leur traitement, ce qui peut augmenter leur risque de complications.<\/span><\/p>\n<h3><b>LA STIGMATISATION DES COMPLICATIONS DU DIAB\u00c8TE TOUCHE \u00c9GALEMENT LES PROFESSIONNELS DE SANT\u00c9<\/b><\/h3>\n<p><span style=\"font-weight: 400\">Les professionnels de sant\u00e9 et les m\u00e9decins ne sont pas non plus \u00e0 l&#8217;abri de la stigmatisation du DT2 et de ses complications. La stigmatisation et les st\u00e9r\u00e9otypes entourant l&#8217;ob\u00e9sit\u00e9 et le DT2 se recoupent, et les pr\u00e9jug\u00e9s li\u00e9s au poids dans les \u00e9tablissements de sant\u00e9 sont malheureusement bien document\u00e9s.<\/span><\/p>\n<p><span style=\"font-weight: 400\">Les pr\u00e9jug\u00e9s li\u00e9s au poids peuvent avoir un <\/span><a href=\"https:\/\/www.ncbi.nlm.nih.gov\/pmc\/articles\/PMC4714720\/\"><span style=\"font-weight: 400\">impact important<\/span><\/a><span style=\"font-weight: 400\"> sur la fa\u00e7on dont les professionnels de sant\u00e9 interagissent avec leurs patients. Les donn\u00e9es montrent que les professionnels de sant\u00e9 passent moins de temps en rendez-vous avec les personnes ob\u00e8ses, qu&#8217;ils s&#8217;attachent moins \u00e0 \u00e9tablir des rapports et des relations par la conversation et qu&#8217;ils les consid\u00e8rent comme moins susceptibles de respecter les m\u00e9dicaments qui leur sont prescrits.<\/span><\/p>\n<p><span style=\"font-weight: 400\">En outre, les personnes stigmatis\u00e9es sont plus susceptibles d&#8217;\u00e9viter les m\u00e9decins et les \u00e9tablissements de soins, d&#8217;adopter des habitudes alimentaires d\u00e9sordonn\u00e9es ou malsaines et d&#8217;\u00e9viter l&#8217;exercice et l&#8217;activit\u00e9 physique.<\/span><\/p>\n<p><span style=\"font-weight: 400\">Tout cela montre \u00e0 quel point la stigmatisation peut \u00eatre dommageable et que nous avons tous un r\u00f4le \u00e0 jouer dans la lutte contre les pr\u00e9jug\u00e9s et les st\u00e9r\u00e9otypes qui touchent les personnes atteintes du DT2.<\/span><\/p>\n<h3><b>SACHEZ QUE VOUS N&#8217;\u00caTES PAS SEUL<\/b><\/h3>\n<p><span style=\"font-weight: 400\">Si vous souffrez de complications li\u00e9es au diab\u00e8te, vous n&#8217;\u00eates pas seul ! La <\/span><a href=\"https:\/\/www.uptodate.com\/contents\/epidemiology-and-classification-of-diabetic-neuropathy#:~:text=Prevalence%20is%20a%20function%20of,neuropathy%20%5B1%2D3%5D.\"><span style=\"font-weight: 400\">moiti\u00e9 des personnes<\/span><\/a><span style=\"font-weight: 400\"> atteintes de diab\u00e8te subiront des l\u00e9sions nerveuses.<\/span><\/p>\n<p><span style=\"font-weight: 400\">Vous pouvez ressentir de la honte, de la peur et de l&#8217;anxi\u00e9t\u00e9 \u00e0 l&#8217;id\u00e9e d\u2019avoir des complications li\u00e9es au diab\u00e8te. En fin de compte, le fait de souffrir de complications ne signifie pas que vous \u00eates paresseux ou que vous ne prenez pas suffisamment soin de vous.<\/span><\/p>\n<p><span style=\"font-weight: 400\">Si vous vivez avec le diab\u00e8te, vous savez qu&#8217;il n&#8217;y a pas de formule parfaite pour g\u00e9rer la glyc\u00e9mie. De nombreux facteurs influencent votre diab\u00e8te.<\/span><\/p>\n<h3><b>NE VOUS BL\u00c2MEZ PAS<\/b><\/h3>\n<p><span style=\"font-weight: 400\">Que vous souffriez d&#8217;un <\/span><a href=\"https:\/\/beyondtype1.org\/what-is-brittle-diabetes\/#:~:text=Brittle%20diabetes%20is%20a%20rare,%2For%20hyperglycemia%20(DKA).\"><span style=\"font-weight: 400\">diab\u00e8te fragile<\/span><\/a><span style=\"font-weight: 400\"> ou que vous soyez simplement confront\u00e9 \u00e0 des hyperglyc\u00e9mies persistantes, vous pouvez \u00eatre frustr\u00e9 par votre taux de glyc\u00e9mie malgr\u00e9 tous vos efforts. Le temps et l&#8217;argent que cela demande peuvent \u00e9galement constituer un obstacle au respect de votre traitement du diab\u00e8te, surtout si vous n&#8217;\u00eates pas assur\u00e9 ou si vous \u00eates sous-assur\u00e9.<\/span><\/p>\n<p><span style=\"font-weight: 400\">Vous pouvez ressentir un sentiment d&#8217;\u00e9chec ou de d\u00e9faite si vous avez \u00e9t\u00e9 diagnostiqu\u00e9 avec une complication li\u00e9e au diab\u00e8te. Il est essentiel de ne pas vous bl\u00e2mer ou de laisser ces sentiments faire boule de neige.<\/span><\/p>\n<p><span style=\"font-weight: 400\">Vous trouverez ci-dessous quelques moyens pour lutter contre la stigmatisation des complications du diab\u00e8te.<\/span><\/p>\n<h4><b>Se doter de connaissances<\/b><\/h4>\n<p><span style=\"font-weight: 400\">Informez-vous et informez votre entourage sur les faits et les chiffres concernant le diab\u00e8te. Cela contribuera grandement \u00e0 dissiper les mythes qui entourent les complications et les personnes qui en sont atteintes.<\/span><\/p>\n<h4><b>Soyez franc dans la d\u00e9fense de vos besoins.<\/b><\/h4>\n<p><span style=\"font-weight: 400\">De nombreuses complications du diab\u00e8te sont invisibles, ce qui ne fait qu&#8217;alimenter la stigmatisation. Vous pouvez entendre des choses comme &#8220;Vous n&#8217;avez pas l&#8217;air malade !&#8221; ou &#8220;\u00c7a ne peut pas \u00eatre si grave !&#8221;.<\/span><\/p>\n<p><span style=\"font-weight: 400\">Faites part de ce que vous ressentez, ou des activit\u00e9s qui peuvent \u00eatre plus difficiles pour vous. N&#8217;h\u00e9sitez pas \u00e0 demander les am\u00e9nagements sp\u00e9ciaux dont vous pourriez avoir besoin pour travailler, aller \u00e0 l&#8217;\u00e9cole ou acc\u00e9der aux soins de sant\u00e9.<\/span><\/p>\n<p><span style=\"font-weight: 400\">Partager votre exp\u00e9rience du diab\u00e8te avec vos amis, votre famille, vos coll\u00e8gues ou m\u00eame vos l\u00e9gislateurs peut les aider \u00e0 mieux comprendre votre diab\u00e8te, \u00e0 vous soutenir et \u00e0 d\u00e9fendre vos besoins.<\/span><\/p>\n<h3><b>PARLER HAUT ET FORT DE NOS LUTTES<\/b><\/h3>\n<p><span style=\"font-weight: 400\">C&#8217;est ici que nous nous faisons entendre. Nous devons briser le st\u00e9r\u00e9otype de la &#8220;personne type&#8221; qui souffre de complications li\u00e9es au diab\u00e8te. C&#8217;est ainsi que le changement s&#8217;op\u00e8re.<\/span><\/p>\n<p><span style=\"font-weight: 400\">Nous y parvenons en faisant entendre notre voix, en \u00e9tant vus, en disant notre v\u00e9rit\u00e9 et en nous montrant quand il le faut. Cassez les st\u00e9r\u00e9otypes pour ceux qui viendront apr\u00e8s nous.<\/span><\/p>\n<h3><b>CHERCHER LE SOUTIEN DE SES PAIRS<\/b><\/h3>\n<p><span style=\"font-weight: 400\">Rejoindre une communaut\u00e9 avec d&#8217;autres personnes vivant avec le diab\u00e8te peut \u00eatre un \u00e9norme coup de pouce pour le moral.<\/span><\/p>\n<p><span style=\"font-weight: 400\">Que vous vous connectiez avec des personnes en ligne ou que vous trouviez un groupe de soutien en personne, le fait de faire partie d&#8217;une communaut\u00e9 avec d&#8217;autres personnes qui comprennent vraiment ce que vous vivez est essentiel pour se sentir moins seul.<\/span><\/p>\n<h3><b>COMMENT SOUTENIR UNE PERSONNE SOUFFRANT DE COMPLICATIONS DU DIAB\u00c8TE<\/b><\/h3>\n<p><span style=\"font-weight: 400\">Nous jouons TOUS un r\u00f4le dans la d\u00e9stigmatisation des complications. Si quelqu&#8217;un que vous connaissez a r\u00e9cemment \u00e9t\u00e9 diagnostiqu\u00e9 avec une complication et que vous voulez l&#8217;aider, faites-lui savoir que vous \u00eates l\u00e0 pour le soutenir sans jugement.<\/span><\/p>\n<p><span style=\"font-weight: 400\">Si vous les entendez se critiquer ou se bl\u00e2mer, partagez ce que vous savez sur les complications du diab\u00e8te pour dissiper les pr\u00e9jug\u00e9s qui conduisent \u00e0 la honte et \u00e0 l&#8217;auto-culpabilisation.<\/span><\/p>\n<p><span style=\"font-weight: 400\">Soyez conscient du fait que la personne peut se sentir d\u00e9pass\u00e9e et, si possible, proposez-lui des moyens concrets de l&#8217;aider \u00e0 prendre soin de son diab\u00e8te et de sa sant\u00e9 \u00e9motionnelle. Il peut s&#8217;agir d&#8217;un simple accompagnement \u00e0 l&#8217;\u00e9picerie ou d&#8217;une invitation \u00e0 faire de l&#8217;exercice ensemble.<\/span><\/p>\n<p><span style=\"font-weight: 400\">Posez des questions sur ce qu&#8217;ils ressentent et sur le type de soutien dont ils ont besoin, le cas \u00e9ch\u00e9ant. Faites-lui comprendre qu&#8217;il n&#8217;y a pas de mal \u00e0 \u00eatre vuln\u00e9rable.<\/span><\/p>\n<p><span style=\"font-weight: 400\">N&#8217;oubliez pas que chacun peut jouer un r\u00f4le actif dans la lutte contre la stigmatisation des complications du diab\u00e8te.<\/span><\/p>\n<hr \/>\n<p><b><i>Note de l&#8217;\u00e9diteur : <\/i><\/b><i><span style=\"font-weight: 400\">Le contenu \u00e9ducatif relatif aux complications du DT2 est rendu possible gr\u00e2ce au soutien de Lilly, un partenaire actif de Beyond Type 2 au moment de la publication. Le contr\u00f4le \u00e9ditorial incombe exclusivement \u00e0 Beyond Type 2.<\/span><\/i><\/p>\n","protected":false},"excerpt":{"rendered":"<p>Que votre diab\u00e8te de type 2 (DT2) ait \u00e9t\u00e9 diagnostiqu\u00e9 r\u00e9cemment ou il y a longtemps, vous vous inqui\u00e9tez peut-\u00eatre des complications li\u00e9es au diab\u00e8te. Elles sont fr\u00e9quentes : en effet, la moiti\u00e9 des personnes atteintes de diab\u00e8te conna\u00eetront une complication li\u00e9e au diab\u00e8te. Malgr\u00e9 cela, les complications du diab\u00e8te font l&#8217;objet d&#8217;une grande stigmatisation, [&hellip;]<\/p>\n","protected":false},"author":10,"featured_media":789,"comment_status":"open","ping_status":"open","sticky":false,"template":"","format":"standard","meta":{"_acf_changed":false,"footnotes":""},"categories":[37,34],"tags":[],"invisible":[81],"class_list":["post-174","post","type-post","status-publish","format-standard","has-post-thumbnail","hentry","category-complications-du-diabete","category-gestion-du-diabete-de-type-2","invisible-complications"],"acf":[],"yoast_head":"<!-- This site is optimized with the Yoast SEO plugin v24.9 - https:\/\/yoast.com\/wordpress\/plugins\/seo\/ -->\n<title>Il est temps de revoir la conversation sur les complications du diab\u00e8te - Beyond Type 2 Canada<\/title>\n<meta name=\"description\" content=\"Les complications du diab\u00e8te ne sont la faute de personne. La stigmatisation des complications du diab\u00e8te nuit \u00e0 toutes les personnes qui vivent avec le DT2 ou qui en sont affect\u00e9es.\" \/>\n<meta name=\"robots\" content=\"index, follow, max-snippet:-1, max-image-preview:large, max-video-preview:-1\" \/>\n<link rel=\"canonical\" href=\"https:\/\/ca.beyondtype2.org\/fr\/conversation-complications-du-diabete\/\" \/>\n<meta property=\"og:locale\" content=\"en_US\" \/>\n<meta property=\"og:type\" content=\"article\" \/>\n<meta property=\"og:title\" content=\"Il est temps de revoir la conversation sur les complications du diab\u00e8te - Beyond Type 2 Canada\" \/>\n<meta property=\"og:description\" content=\"Les complications du diab\u00e8te ne sont la faute de personne. La stigmatisation des complications du diab\u00e8te nuit \u00e0 toutes les personnes qui vivent avec le DT2 ou qui en sont affect\u00e9es.\" \/>\n<meta property=\"og:url\" content=\"https:\/\/ca.beyondtype2.org\/fr\/conversation-complications-du-diabete\/\" \/>\n<meta property=\"og:site_name\" content=\"Beyond Type 2 Canada\" \/>\n<meta property=\"article:published_time\" content=\"2023-08-23T17:05:50+00:00\" \/>\n<meta property=\"article:modified_time\" content=\"2023-09-06T17:59:45+00:00\" \/>\n<meta property=\"og:image\" content=\"https:\/\/ca.beyondtype2.org\/fr\/wp-content\/uploads\/sites\/2\/2023\/08\/BT2-COMPLICATIONST2D-3-OF-5-THE-IMPORTANCE-OF-DESTIGMATIZING-COMPLICATIONS-OF-DIABETES-HEADER-2-1200x429-1.jpeg\" \/>\n\t<meta property=\"og:image:width\" content=\"1200\" \/>\n\t<meta property=\"og:image:height\" content=\"429\" \/>\n\t<meta property=\"og:image:type\" content=\"image\/jpeg\" \/>\n<meta name=\"author\" content=\"karime\" \/>\n<meta name=\"twitter:card\" content=\"summary_large_image\" \/>\n<meta name=\"twitter:label1\" content=\"Written by\" \/>\n\t<meta name=\"twitter:data1\" content=\"karime\" \/>\n\t<meta name=\"twitter:label2\" content=\"Est. reading time\" \/>\n\t<meta name=\"twitter:data2\" content=\"7 minutes\" \/>\n<script type=\"application\/ld+json\" class=\"yoast-schema-graph\">{\"@context\":\"https:\/\/schema.org\",\"@graph\":[{\"@type\":\"Article\",\"@id\":\"https:\/\/ca.beyondtype2.org\/fr\/conversation-complications-du-diabete\/#article\",\"isPartOf\":{\"@id\":\"https:\/\/ca.beyondtype2.org\/fr\/conversation-complications-du-diabete\/\"},\"author\":{\"name\":\"karime\",\"@id\":\"https:\/\/ca.beyondtype2.org\/fr\/#\/schema\/person\/d91e9ec1795266e38d9960b69579490c\"},\"headline\":\"Il est temps de revoir la conversation sur les complications du diab\u00e8te\",\"datePublished\":\"2023-08-23T17:05:50+00:00\",\"dateModified\":\"2023-09-06T17:59:45+00:00\",\"mainEntityOfPage\":{\"@id\":\"https:\/\/ca.beyondtype2.org\/fr\/conversation-complications-du-diabete\/\"},\"wordCount\":1569,\"commentCount\":0,\"publisher\":{\"@id\":\"https:\/\/ca.beyondtype2.org\/fr\/#organization\"},\"image\":{\"@id\":\"https:\/\/ca.beyondtype2.org\/fr\/conversation-complications-du-diabete\/#primaryimage\"},\"thumbnailUrl\":\"https:\/\/ca.beyondtype2.org\/fr\/wp-content\/uploads\/sites\/2\/2023\/08\/BT2-COMPLICATIONST2D-3-OF-5-THE-IMPORTANCE-OF-DESTIGMATIZING-COMPLICATIONS-OF-DIABETES-HEADER-2-1200x429-1.jpeg\",\"articleSection\":[\"Complications\",\"Gestion du diab\u00e8te\"],\"inLanguage\":\"en-US\",\"potentialAction\":[{\"@type\":\"CommentAction\",\"name\":\"Comment\",\"target\":[\"https:\/\/ca.beyondtype2.org\/fr\/conversation-complications-du-diabete\/#respond\"]}]},{\"@type\":\"WebPage\",\"@id\":\"https:\/\/ca.beyondtype2.org\/fr\/conversation-complications-du-diabete\/\",\"url\":\"https:\/\/ca.beyondtype2.org\/fr\/conversation-complications-du-diabete\/\",\"name\":\"Il est temps de revoir la conversation sur les complications du diab\u00e8te - Beyond Type 2 Canada\",\"isPartOf\":{\"@id\":\"https:\/\/ca.beyondtype2.org\/fr\/#website\"},\"primaryImageOfPage\":{\"@id\":\"https:\/\/ca.beyondtype2.org\/fr\/conversation-complications-du-diabete\/#primaryimage\"},\"image\":{\"@id\":\"https:\/\/ca.beyondtype2.org\/fr\/conversation-complications-du-diabete\/#primaryimage\"},\"thumbnailUrl\":\"https:\/\/ca.beyondtype2.org\/fr\/wp-content\/uploads\/sites\/2\/2023\/08\/BT2-COMPLICATIONST2D-3-OF-5-THE-IMPORTANCE-OF-DESTIGMATIZING-COMPLICATIONS-OF-DIABETES-HEADER-2-1200x429-1.jpeg\",\"datePublished\":\"2023-08-23T17:05:50+00:00\",\"dateModified\":\"2023-09-06T17:59:45+00:00\",\"description\":\"Les complications du diab\u00e8te ne sont la faute de personne. La stigmatisation des complications du diab\u00e8te nuit \u00e0 toutes les personnes qui vivent avec le DT2 ou qui en sont affect\u00e9es.\",\"breadcrumb\":{\"@id\":\"https:\/\/ca.beyondtype2.org\/fr\/conversation-complications-du-diabete\/#breadcrumb\"},\"inLanguage\":\"en-US\",\"potentialAction\":[{\"@type\":\"ReadAction\",\"target\":[\"https:\/\/ca.beyondtype2.org\/fr\/conversation-complications-du-diabete\/\"]}]},{\"@type\":\"ImageObject\",\"inLanguage\":\"en-US\",\"@id\":\"https:\/\/ca.beyondtype2.org\/fr\/conversation-complications-du-diabete\/#primaryimage\",\"url\":\"https:\/\/ca.beyondtype2.org\/fr\/wp-content\/uploads\/sites\/2\/2023\/08\/BT2-COMPLICATIONST2D-3-OF-5-THE-IMPORTANCE-OF-DESTIGMATIZING-COMPLICATIONS-OF-DIABETES-HEADER-2-1200x429-1.jpeg\",\"contentUrl\":\"https:\/\/ca.beyondtype2.org\/fr\/wp-content\/uploads\/sites\/2\/2023\/08\/BT2-COMPLICATIONST2D-3-OF-5-THE-IMPORTANCE-OF-DESTIGMATIZING-COMPLICATIONS-OF-DIABETES-HEADER-2-1200x429-1.jpeg\",\"width\":1200,\"height\":429},{\"@type\":\"BreadcrumbList\",\"@id\":\"https:\/\/ca.beyondtype2.org\/fr\/conversation-complications-du-diabete\/#breadcrumb\",\"itemListElement\":[{\"@type\":\"ListItem\",\"position\":1,\"name\":\"Home\",\"item\":\"https:\/\/ca.beyondtype2.org\/fr\/\"},{\"@type\":\"ListItem\",\"position\":2,\"name\":\"Il est temps de revoir la conversation sur les complications du diab\u00e8te\"}]},{\"@type\":\"WebSite\",\"@id\":\"https:\/\/ca.beyondtype2.org\/fr\/#website\",\"url\":\"https:\/\/ca.beyondtype2.org\/fr\/\",\"name\":\"Beyond Type 2 Canada\",\"description\":\"\",\"publisher\":{\"@id\":\"https:\/\/ca.beyondtype2.org\/fr\/#organization\"},\"potentialAction\":[{\"@type\":\"SearchAction\",\"target\":{\"@type\":\"EntryPoint\",\"urlTemplate\":\"https:\/\/ca.beyondtype2.org\/fr\/?s={search_term_string}\"},\"query-input\":{\"@type\":\"PropertyValueSpecification\",\"valueRequired\":true,\"valueName\":\"search_term_string\"}}],\"inLanguage\":\"en-US\"},{\"@type\":\"Organization\",\"@id\":\"https:\/\/ca.beyondtype2.org\/fr\/#organization\",\"name\":\"Beyond Type 2 Canada\",\"url\":\"https:\/\/ca.beyondtype2.org\/fr\/\",\"logo\":{\"@type\":\"ImageObject\",\"inLanguage\":\"en-US\",\"@id\":\"https:\/\/ca.beyondtype2.org\/fr\/#\/schema\/logo\/image\/\",\"url\":\"https:\/\/ca.beyondtype2.org\/fr\/wp-content\/uploads\/sites\/2\/2023\/08\/bt2-logo-v2.png\",\"contentUrl\":\"https:\/\/ca.beyondtype2.org\/fr\/wp-content\/uploads\/sites\/2\/2023\/08\/bt2-logo-v2.png\",\"width\":380,\"height\":83,\"caption\":\"Beyond Type 2 Canada\"},\"image\":{\"@id\":\"https:\/\/ca.beyondtype2.org\/fr\/#\/schema\/logo\/image\/\"}},{\"@type\":\"Person\",\"@id\":\"https:\/\/ca.beyondtype2.org\/fr\/#\/schema\/person\/d91e9ec1795266e38d9960b69579490c\",\"name\":\"karime\",\"url\":\"https:\/\/ca.beyondtype2.org\/fr\/author\/karime\/\"}]}<\/script>\n<!-- \/ Yoast SEO plugin. -->","yoast_head_json":{"title":"Il est temps de revoir la conversation sur les complications du diab\u00e8te - Beyond Type 2 Canada","description":"Les complications du diab\u00e8te ne sont la faute de personne. La stigmatisation des complications du diab\u00e8te nuit \u00e0 toutes les personnes qui vivent avec le DT2 ou qui en sont affect\u00e9es.","robots":{"index":"index","follow":"follow","max-snippet":"max-snippet:-1","max-image-preview":"max-image-preview:large","max-video-preview":"max-video-preview:-1"},"canonical":"https:\/\/ca.beyondtype2.org\/fr\/conversation-complications-du-diabete\/","og_locale":"en_US","og_type":"article","og_title":"Il est temps de revoir la conversation sur les complications du diab\u00e8te - Beyond Type 2 Canada","og_description":"Les complications du diab\u00e8te ne sont la faute de personne. La stigmatisation des complications du diab\u00e8te nuit \u00e0 toutes les personnes qui vivent avec le DT2 ou qui en sont affect\u00e9es.","og_url":"https:\/\/ca.beyondtype2.org\/fr\/conversation-complications-du-diabete\/","og_site_name":"Beyond Type 2 Canada","article_published_time":"2023-08-23T17:05:50+00:00","article_modified_time":"2023-09-06T17:59:45+00:00","og_image":[{"width":1200,"height":429,"url":"https:\/\/ca.beyondtype2.org\/fr\/wp-content\/uploads\/sites\/2\/2023\/08\/BT2-COMPLICATIONST2D-3-OF-5-THE-IMPORTANCE-OF-DESTIGMATIZING-COMPLICATIONS-OF-DIABETES-HEADER-2-1200x429-1.jpeg","type":"image\/jpeg"}],"author":"karime","twitter_card":"summary_large_image","twitter_misc":{"Written by":"karime","Est. reading time":"7 minutes"},"schema":{"@context":"https:\/\/schema.org","@graph":[{"@type":"Article","@id":"https:\/\/ca.beyondtype2.org\/fr\/conversation-complications-du-diabete\/#article","isPartOf":{"@id":"https:\/\/ca.beyondtype2.org\/fr\/conversation-complications-du-diabete\/"},"author":{"name":"karime","@id":"https:\/\/ca.beyondtype2.org\/fr\/#\/schema\/person\/d91e9ec1795266e38d9960b69579490c"},"headline":"Il est temps de revoir la conversation sur les complications du diab\u00e8te","datePublished":"2023-08-23T17:05:50+00:00","dateModified":"2023-09-06T17:59:45+00:00","mainEntityOfPage":{"@id":"https:\/\/ca.beyondtype2.org\/fr\/conversation-complications-du-diabete\/"},"wordCount":1569,"commentCount":0,"publisher":{"@id":"https:\/\/ca.beyondtype2.org\/fr\/#organization"},"image":{"@id":"https:\/\/ca.beyondtype2.org\/fr\/conversation-complications-du-diabete\/#primaryimage"},"thumbnailUrl":"https:\/\/ca.beyondtype2.org\/fr\/wp-content\/uploads\/sites\/2\/2023\/08\/BT2-COMPLICATIONST2D-3-OF-5-THE-IMPORTANCE-OF-DESTIGMATIZING-COMPLICATIONS-OF-DIABETES-HEADER-2-1200x429-1.jpeg","articleSection":["Complications","Gestion du diab\u00e8te"],"inLanguage":"en-US","potentialAction":[{"@type":"CommentAction","name":"Comment","target":["https:\/\/ca.beyondtype2.org\/fr\/conversation-complications-du-diabete\/#respond"]}]},{"@type":"WebPage","@id":"https:\/\/ca.beyondtype2.org\/fr\/conversation-complications-du-diabete\/","url":"https:\/\/ca.beyondtype2.org\/fr\/conversation-complications-du-diabete\/","name":"Il est temps de revoir la conversation sur les complications du diab\u00e8te - Beyond Type 2 Canada","isPartOf":{"@id":"https:\/\/ca.beyondtype2.org\/fr\/#website"},"primaryImageOfPage":{"@id":"https:\/\/ca.beyondtype2.org\/fr\/conversation-complications-du-diabete\/#primaryimage"},"image":{"@id":"https:\/\/ca.beyondtype2.org\/fr\/conversation-complications-du-diabete\/#primaryimage"},"thumbnailUrl":"https:\/\/ca.beyondtype2.org\/fr\/wp-content\/uploads\/sites\/2\/2023\/08\/BT2-COMPLICATIONST2D-3-OF-5-THE-IMPORTANCE-OF-DESTIGMATIZING-COMPLICATIONS-OF-DIABETES-HEADER-2-1200x429-1.jpeg","datePublished":"2023-08-23T17:05:50+00:00","dateModified":"2023-09-06T17:59:45+00:00","description":"Les complications du diab\u00e8te ne sont la faute de personne. La stigmatisation des complications du diab\u00e8te nuit \u00e0 toutes les personnes qui vivent avec le DT2 ou qui en sont affect\u00e9es.","breadcrumb":{"@id":"https:\/\/ca.beyondtype2.org\/fr\/conversation-complications-du-diabete\/#breadcrumb"},"inLanguage":"en-US","potentialAction":[{"@type":"ReadAction","target":["https:\/\/ca.beyondtype2.org\/fr\/conversation-complications-du-diabete\/"]}]},{"@type":"ImageObject","inLanguage":"en-US","@id":"https:\/\/ca.beyondtype2.org\/fr\/conversation-complications-du-diabete\/#primaryimage","url":"https:\/\/ca.beyondtype2.org\/fr\/wp-content\/uploads\/sites\/2\/2023\/08\/BT2-COMPLICATIONST2D-3-OF-5-THE-IMPORTANCE-OF-DESTIGMATIZING-COMPLICATIONS-OF-DIABETES-HEADER-2-1200x429-1.jpeg","contentUrl":"https:\/\/ca.beyondtype2.org\/fr\/wp-content\/uploads\/sites\/2\/2023\/08\/BT2-COMPLICATIONST2D-3-OF-5-THE-IMPORTANCE-OF-DESTIGMATIZING-COMPLICATIONS-OF-DIABETES-HEADER-2-1200x429-1.jpeg","width":1200,"height":429},{"@type":"BreadcrumbList","@id":"https:\/\/ca.beyondtype2.org\/fr\/conversation-complications-du-diabete\/#breadcrumb","itemListElement":[{"@type":"ListItem","position":1,"name":"Home","item":"https:\/\/ca.beyondtype2.org\/fr\/"},{"@type":"ListItem","position":2,"name":"Il est temps de revoir la conversation sur les complications du diab\u00e8te"}]},{"@type":"WebSite","@id":"https:\/\/ca.beyondtype2.org\/fr\/#website","url":"https:\/\/ca.beyondtype2.org\/fr\/","name":"Beyond Type 2 Canada","description":"","publisher":{"@id":"https:\/\/ca.beyondtype2.org\/fr\/#organization"},"potentialAction":[{"@type":"SearchAction","target":{"@type":"EntryPoint","urlTemplate":"https:\/\/ca.beyondtype2.org\/fr\/?s={search_term_string}"},"query-input":{"@type":"PropertyValueSpecification","valueRequired":true,"valueName":"search_term_string"}}],"inLanguage":"en-US"},{"@type":"Organization","@id":"https:\/\/ca.beyondtype2.org\/fr\/#organization","name":"Beyond Type 2 Canada","url":"https:\/\/ca.beyondtype2.org\/fr\/","logo":{"@type":"ImageObject","inLanguage":"en-US","@id":"https:\/\/ca.beyondtype2.org\/fr\/#\/schema\/logo\/image\/","url":"https:\/\/ca.beyondtype2.org\/fr\/wp-content\/uploads\/sites\/2\/2023\/08\/bt2-logo-v2.png","contentUrl":"https:\/\/ca.beyondtype2.org\/fr\/wp-content\/uploads\/sites\/2\/2023\/08\/bt2-logo-v2.png","width":380,"height":83,"caption":"Beyond Type 2 Canada"},"image":{"@id":"https:\/\/ca.beyondtype2.org\/fr\/#\/schema\/logo\/image\/"}},{"@type":"Person","@id":"https:\/\/ca.beyondtype2.org\/fr\/#\/schema\/person\/d91e9ec1795266e38d9960b69579490c","name":"karime","url":"https:\/\/ca.beyondtype2.org\/fr\/author\/karime\/"}]}},"featured_image_src":"https:\/\/ca.beyondtype2.org\/fr\/wp-content\/uploads\/sites\/2\/2023\/08\/BT2-COMPLICATIONST2D-3-OF-5-THE-IMPORTANCE-OF-DESTIGMATIZING-COMPLICATIONS-OF-DIABETES-HEADER-2-1200x429-1-600x400.jpeg","featured_image_src_square":"https:\/\/ca.beyondtype2.org\/fr\/wp-content\/uploads\/sites\/2\/2023\/08\/BT2-COMPLICATIONST2D-3-OF-5-THE-IMPORTANCE-OF-DESTIGMATIZING-COMPLICATIONS-OF-DIABETES-HEADER-2-1200x429-1-600x429.jpeg","author_info":{"display_name":"karime","author_link":"https:\/\/ca.beyondtype2.org\/fr\/author\/karime\/"},"jetpack_featured_media_url":"https:\/\/ca.beyondtype2.org\/fr\/wp-content\/uploads\/sites\/2\/2023\/08\/BT2-COMPLICATIONST2D-3-OF-5-THE-IMPORTANCE-OF-DESTIGMATIZING-COMPLICATIONS-OF-DIABETES-HEADER-2-1200x429-1.jpeg","_links":{"self":[{"href":"https:\/\/ca.beyondtype2.org\/fr\/wp-json\/wp\/v2\/posts\/174","targetHints":{"allow":["GET"]}}],"collection":[{"href":"https:\/\/ca.beyondtype2.org\/fr\/wp-json\/wp\/v2\/posts"}],"about":[{"href":"https:\/\/ca.beyondtype2.org\/fr\/wp-json\/wp\/v2\/types\/post"}],"author":[{"embeddable":true,"href":"https:\/\/ca.beyondtype2.org\/fr\/wp-json\/wp\/v2\/users\/10"}],"replies":[{"embeddable":true,"href":"https:\/\/ca.beyondtype2.org\/fr\/wp-json\/wp\/v2\/comments?post=174"}],"version-history":[{"count":0,"href":"https:\/\/ca.beyondtype2.org\/fr\/wp-json\/wp\/v2\/posts\/174\/revisions"}],"wp:featuredmedia":[{"embeddable":true,"href":"https:\/\/ca.beyondtype2.org\/fr\/wp-json\/wp\/v2\/media\/789"}],"wp:attachment":[{"href":"https:\/\/ca.beyondtype2.org\/fr\/wp-json\/wp\/v2\/media?parent=174"}],"wp:term":[{"taxonomy":"category","embeddable":true,"href":"https:\/\/ca.beyondtype2.org\/fr\/wp-json\/wp\/v2\/categories?post=174"},{"taxonomy":"post_tag","embeddable":true,"href":"https:\/\/ca.beyondtype2.org\/fr\/wp-json\/wp\/v2\/tags?post=174"},{"taxonomy":"invisible","embeddable":true,"href":"https:\/\/ca.beyondtype2.org\/fr\/wp-json\/wp\/v2\/invisible?post=174"}],"curies":[{"name":"wp","href":"https:\/\/api.w.org\/{rel}","templated":true}]}}